{"id":23516,"date":"2023-09-14T09:34:52","date_gmt":"2023-09-14T14:34:52","guid":{"rendered":"https:\/\/www.everest.com\/everestdigest\/\/?p=23516"},"modified":"2025-10-08T06:37:02","modified_gmt":"2025-10-08T11:37:02","slug":"2023s-extreme-weather-anomalies-and-what-they-mean","status":"publish","type":"post","link":"https:\/\/www.everest.com\/everestdigest\/2023s-extreme-weather-anomalies-and-what-they-mean\/","title":{"rendered":"2023\u2019s Extreme Weather Anomalies and What They Mean"},"content":{"rendered":"<p><span style=\"font-weight: 400;\">As I was researching the weather forecast for the Tetons, I was excited for what looked like a clear day of hiking ahead of me. I had a 22 mile loop planned out, going up and over a high mountain pass. I knew it was going to be a long day for the legs, and I thought I was in luck for the first clear day in nearly a week out in Grand Teton National Park. All of the weather forecasts I looked at predicted clear blue skies all day; I felt so fortunate that my biggest mileage day in the Tetons looked like there wouldn\u2019t even be a cloud in the sky.<\/span><\/p>\n<figure id=\"attachment_23514\" aria-describedby=\"caption-attachment-23514\" style=\"width: 468px\" class=\"wp-caption aligncenter\"><img loading=\"lazy\" decoding=\"async\" class=\"wp-image-23514 size-full\" src=\"https:\/\/www.everest.com\/everestdigest\/wp-content\/uploads\/2023\/09\/South-and-Middle-Tetons.webp\" alt=\"\" width=\"468\" height=\"624\" srcset=\"https:\/\/www.everest.com\/everestdigest\/wp-content\/uploads\/2023\/09\/South-and-Middle-Tetons.webp 468w, https:\/\/www.everest.com\/everestdigest\/wp-content\/uploads\/2023\/09\/South-and-Middle-Tetons-225x300.webp 225w, https:\/\/www.everest.com\/everestdigest\/wp-content\/uploads\/2023\/09\/South-and-Middle-Tetons-380x507.webp 380w\" sizes=\"(max-width: 468px) 100vw, 468px\" \/><figcaption id=\"caption-attachment-23514\" class=\"wp-caption-text\">A clear view of the South and Middle Tetons.<\/figcaption><\/figure>\n<p><span style=\"font-weight: 400;\">I knew I had about five miles of exposed terrain above tree line, so I was making sure to keep an eye on the weather and cloud formations so I wouldn\u2019t encounter any thunderstorms on that pass. I was hoping to get this stretch of the trail done before noon, as daily afternoon thunderstorms (monsoons) are quite common out in the Rocky Mountains, even if it\u2019s not in the forecast. I woke up at 6:00 that morning, still checking my weather to see if any developments had occurred overnight.<\/span><\/p>\n<p>&nbsp;<\/p>\n<p><span style=\"font-weight: 400;\">The conditions looked perfect for me, and as I was driving into the Park, I got to get my real first good look at those mountains since I\u2019d been there, as they\u2019d been in the clouds for the days prior. Looking up at the Grand for the first time felt like looking at Everest, not that I\u2019ve been to Nepal or anything, but the point is I was blown away by the stature and dominance of the mountain. I couldn\u2019t wait for my hike that day, eager to see what the Tetons could show me and teach me on this treacherous hike.<\/span><\/p>\n<p><span style=\"font-weight: 400;\">\u00a0<\/span><\/p>\n<p><span style=\"font-weight: 400;\">I started at about 7:30 that morning, with the early morning sun shining through the trees and a cool breeze to welcome me into this marvelous range. About thirty minutes into my hike, I started experiencing an on and off light rain for nearly an hour. It was nothing terrible, and honestly it felt really nice, but it did make me hyper aware that this weather can change at any moment, and I had a gut feeling it was going to persist as my hike went on. Right as I was approaching the end of the tree line, at about 10:00 am, I saw some darker clouds rolling in over the ridge, and I immediately got dumped on.\u00a0<\/span><\/p>\n<p>&nbsp;<\/p>\n<p><span style=\"font-weight: 400;\">I sat underneath the last big Subalpine Fire before the treeline disappeared for thirty minutes to wait until the storm could pass. I had enough service to check the weather for the specific peak I was crossing, Paintbrush Peak, and it said it was going to clear up in the next hour. I waited until the rain stopped, but I knew I was still taking a risk going to cross the mountain pass. I was able to see the bright blue sky again and felt safe going over the pass, especially since I hadn\u2019t heard any thunder and the clouds didn\u2019t look like heavy storm clouds. As I reached the top of the pass, I got slapped with piercing hail for my three miles descending below the alpine terrain. Luckily, I never encountered thunder and lightning, but I was ready to run down the mountain and into the trees if I saw it coming.<\/span><\/p>\n<p><span style=\"font-weight: 400;\">\u00a0<\/span><\/p>\n<p><span style=\"font-weight: 400;\">I was visiting Grand Teton National Park after living in Northern California for the preceding three months, where I never once had to worry about rain or storms. I have lived in the mountains of Colorado for a few years now, so I\u2019m used to the regular monsoons, but what I experienced in the Tetons that week was far different than anything before.\u00a0<\/span><\/p>\n<p>&nbsp;<\/p>\n<p><span style=\"font-weight: 400;\">My older brother lives in the area, and said this year was nothing like he\u2019s ever experienced weather wise. I have heard the same from my people in Colorado this summer, with crazy flash floods almost sweeping my partner\u2019s car off the street. I\u2019ve been doing some research about why this summer has been getting increasingly more intense as the months go on, and I\u2019ve found some really interesting science behind this.<\/span><\/p>\n<figure id=\"attachment_23513\" aria-describedby=\"caption-attachment-23513\" style=\"width: 468px\" class=\"wp-caption aligncenter\"><img loading=\"lazy\" decoding=\"async\" class=\"size-full wp-image-23513\" src=\"https:\/\/www.everest.com\/everestdigest\/wp-content\/uploads\/2023\/09\/Grand-Tetons-Through-Cloud-Cover.webp\" alt=\"\" width=\"468\" height=\"624\" srcset=\"https:\/\/www.everest.com\/everestdigest\/wp-content\/uploads\/2023\/09\/Grand-Tetons-Through-Cloud-Cover.webp 468w, https:\/\/www.everest.com\/everestdigest\/wp-content\/uploads\/2023\/09\/Grand-Tetons-Through-Cloud-Cover-225x300.webp 225w, https:\/\/www.everest.com\/everestdigest\/wp-content\/uploads\/2023\/09\/Grand-Tetons-Through-Cloud-Cover-380x507.webp 380w\" sizes=\"(max-width: 468px) 100vw, 468px\" \/><figcaption id=\"caption-attachment-23513\" class=\"wp-caption-text\">Trying to capture the Grand Teton in the clouds.<\/figcaption><\/figure>\n<div id=\"ez-toc-container\" class=\"ez-toc-v2_0_49 counter-hierarchy ez-toc-counter ez-toc-grey ez-toc-container-direction\">\n<div class=\"ez-toc-title-container\">\n<p class=\"ez-toc-title\">Table of Contents<\/p>\n<span class=\"ez-toc-title-toggle\"><\/span><\/div>\n<nav><ul class='ez-toc-list ez-toc-list-level-1 ' ><li class='ez-toc-page-1 ez-toc-heading-level-2'><a class=\"ez-toc-link ez-toc-heading-1\" href=\"https:\/\/www.everest.com\/everestdigest\/2023s-extreme-weather-anomalies-and-what-they-mean\/#2023_is_an_El_Nino_Southern_Oscillation_ENSO_year_but_what_does_that_really_mean\" title=\"2023 is an El Ni\u00f1o Southern Oscillation (ENSO) year, but what does that really mean?\">2023 is an El Ni\u00f1o Southern Oscillation (ENSO) year, but what does that really mean?<\/a><\/li><li class='ez-toc-page-1 ez-toc-heading-level-2'><a class=\"ez-toc-link ez-toc-heading-2\" href=\"https:\/\/www.everest.com\/everestdigest\/2023s-extreme-weather-anomalies-and-what-they-mean\/#How_Does_Climate_Change_Affect_El_Nino\" title=\"How Does Climate Change Affect El Ni\u00f1o?\">How Does Climate Change Affect El Ni\u00f1o?<\/a><\/li><li class='ez-toc-page-1 ez-toc-heading-level-2'><a class=\"ez-toc-link ez-toc-heading-3\" href=\"https:\/\/www.everest.com\/everestdigest\/2023s-extreme-weather-anomalies-and-what-they-mean\/#El_Nino_on_the_Lives_of_Humans_and_Animals\" title=\"El Ni\u00f1o on the Lives of Humans and Animals\">El Ni\u00f1o on the Lives of Humans and Animals<\/a><\/li><\/ul><\/nav><\/div>\n<h2 id=\"2023-is-an-el-nino-southern-oscillation-enso-year-but-what-does-that-really-mean\"><span class=\"ez-toc-section\" id=\"2023_is_an_El_Nino_Southern_Oscillation_ENSO_year_but_what_does_that_really_mean\"><\/span><span style=\"font-weight: 400;\">2023 is an El Ni\u00f1o Southern Oscillation (ENSO) year, but what does that really mean?<\/span><span class=\"ez-toc-section-end\"><\/span><\/h2>\n<p><span style=\"font-weight: 400;\">\u00a0<\/span><\/p>\n<p><span style=\"font-weight: 400;\">This past Spring kicked off an El Ni\u00f1o year that is likely to prevail into this coming Winter, meaning warmer temperatures and more frequent heavy storms. These weather conditions are determined by the climate patterns across the Pacific Ocean. Normal conditions mean that trade winds are flowing from East to West across the Pacific. In an El Ni\u00f1o year, the trade winds push the warm water East, which simultaneously causes a strong and southward shift of the jet stream across North America and lower surface air pressure, leading to more rising air and clouds and other climate phenomena. Specifically, the Southwest regions of North America will find more storms and flooding, whereas the Pacific Northwest is likely to have much warmer and drier conditions. These patterns are shown through my time spent in Grand Teton National Park, as well as the heavy wildfires in Western Canada. In the simplest terms, La Ni\u00f1a is the reverse of this, where trade winds are blowing the warmer water West over the Pacific, and the reverse of the weather patterns happens in each region. Typically, El Ni\u00f1o lasts about nine to twelve months, occurring about every three years; La Ni\u00f1a will typically last one to three years uninterrupted. They don\u2019t follow a consistent or predictable cycle though.<\/span><\/p>\n<p>&nbsp;<\/p>\n<h2 id=\"how-does-climate-change-affect-el-nino\"><span class=\"ez-toc-section\" id=\"How_Does_Climate_Change_Affect_El_Nino\"><\/span><span style=\"font-weight: 400;\">How Does Climate Change Affect El Ni\u00f1o?<\/span><span class=\"ez-toc-section-end\"><\/span><\/h2>\n<p><span style=\"font-weight: 400;\">\u00a0<\/span><\/p>\n<p><span style=\"font-weight: 400;\">Every time an El Ni\u00f1o event occurs, it seems to become much more extreme and unpredictable, as I recently learned while hiking in the Tetons. It is also occurring more frequently, most likely due to the warming planet and greenhouse gas emissions.<\/span><\/p>\n<p><span style=\"font-weight: 400;\">\u00a0<\/span><\/p>\n<p><span style=\"font-weight: 400;\">Although we can be glad that El Ni\u00f1o and La Ni\u00f1a events are part of a cycle of temperature increases and decreases, many scientists fear that this El Ni\u00f1o cycle could push global temperatures into an irreversible threshold. The warmer surface temperatures across the Pacific with increased evaporation also mean the ocean is losing heat to the atmosphere, where it is trapped by cloud cover. Additionally, this greater cloud clover means that the sun\u2019s heat can\u2019t be absorbed into the oceans, but in the atmosphere. It is predicted that the 2023 El Ni\u00f1o event will lead to an increase of a few tenths of a degree Celsius globally, a substantial amount for this already warming planet. Some scientists believe this may be the fourth hottest year on record.<\/span><\/p>\n<p>&nbsp;<\/p>\n<h2 id=\"el-nino-on-the-lives-of-humans-and-animals\"><span class=\"ez-toc-section\" id=\"El_Nino_on_the_Lives_of_Humans_and_Animals\"><\/span><span style=\"font-weight: 400;\">El Ni\u00f1o on the Lives of Humans and Animals<\/span><span class=\"ez-toc-section-end\"><\/span><\/h2>\n<p><span style=\"font-weight: 400;\">\u00a0<\/span><\/p>\n<p><span style=\"font-weight: 400;\">The El Ni\u00f1o cycle takes a big toll on marine life in the Pacific. During the normal La Ni\u00f1a phases, upwelling brings up nutrient-dense cooler water from ocean depths to the surface. This means more phytoplankton along the coast for fish to feed on. Currently, this phenomena cannot occur, as the warmer surface temperatures suppress the nutrient-rich waters from reaching the coast. Therefore, there is less food for marine life, and less fish for human consumption as well. With the depletion of fish in the sea, there will also be less seabirds as they won\u2019t have as much food to feed off. The warmer temperatures also cause bleaching in coral reefs, leading them to a risk of starvation.<\/span><\/p>\n<p><span style=\"font-weight: 400;\">\u00a0<\/span><\/p>\n<p><span style=\"font-weight: 400;\">To look at the effects on a small scale, reptiles in the Galapagos Islands are facing great risk due to the current cycle. Just as there is less phytoplankton on the coast, the warmer water temperatures mean less algae production. Many animals rely on algae as their main food source, such as black marine iguanas in the Galapagos. The increased flooding has additionally affected the local turtles, as their nests are being destroyed by floods and they can\u2019t reproduce.<\/span><\/p>\n<p><span style=\"font-weight: 400;\"> <img loading=\"lazy\" decoding=\"async\" class=\"size-full wp-image-23515 aligncenter\" src=\"https:\/\/www.everest.com\/everestdigest\/wp-content\/uploads\/2023\/09\/Tetons_Lake-View.webp\" alt=\"\" width=\"468\" height=\"351\" srcset=\"https:\/\/www.everest.com\/everestdigest\/wp-content\/uploads\/2023\/09\/Tetons_Lake-View.webp 468w, https:\/\/www.everest.com\/everestdigest\/wp-content\/uploads\/2023\/09\/Tetons_Lake-View-300x225.webp 300w, https:\/\/www.everest.com\/everestdigest\/wp-content\/uploads\/2023\/09\/Tetons_Lake-View-200x150.webp 200w, https:\/\/www.everest.com\/everestdigest\/wp-content\/uploads\/2023\/09\/Tetons_Lake-View-260x195.webp 260w, https:\/\/www.everest.com\/everestdigest\/wp-content\/uploads\/2023\/09\/Tetons_Lake-View-380x285.webp 380w\" sizes=\"(max-width: 468px) 100vw, 468px\" \/><\/span><\/p>\n<p><span style=\"font-weight: 400;\">There will also be more hurricanes in the Pacific, affecting small islands like that of Hawaii and others. These tropical cyclones are not only damaging to the natural habitats and properties, but to human lives as well.<\/span><\/p>\n<p><span style=\"font-weight: 400;\">\u00a0<\/span><\/p>\n<p><span style=\"font-weight: 400;\">This past Winter had one of the heaviest precipitation rates in Western North America in many years, but the current El Ni\u00f1o cycle is likely to continue on into the following Winter. Another heavy Winter in Western North America could bring even more devastation, and extreme flooding to places like California and beyond.\u00a0<\/span><\/p>\n<p>&nbsp;<\/p>\n<p><span style=\"font-weight: 400;\">There will be long term effects of the 2023 El Ni\u00f1o event, such as to our food supply, health, water management, and the environment. We are breaching into uncharted climate territory, and need to be ready for what is to come. There are going to be much greater effects than simple hikers like me who don\u2019t wish to venture into the rain. My hike in the Tetons was a wakeup call for me to be aware and prepared for what is to come.<\/span><\/p>\n","protected":false},"excerpt":{"rendered":"As I was researching the weather forecast for the Tetons, I was excited for what looked like a&hellip;\n","protected":false},"author":3561,"featured_media":23512,"comment_status":"open","ping_status":"open","sticky":false,"template":"","format":"standard","meta":{"_et_pb_use_builder":"","_et_pb_old_content":"","_et_gb_content_width":"","_mi_skip_tracking":false,"_exactmetrics_sitenote_active":false,"_exactmetrics_sitenote_note":"","_exactmetrics_sitenote_category":0,"csco_singular_sidebar":"","csco_page_header_type":"","csco_page_load_nextpost":"","csco_post_video_location":[],"csco_post_video_url":"","csco_post_video_bg_start_time":0,"csco_post_video_bg_end_time":0,"footnotes":""},"categories":[481,286,449,465],"tags":[701,700,702],"yoast_head":"<!-- This site is optimized with the Yoast SEO plugin v20.8 - https:\/\/yoast.com\/wordpress\/plugins\/seo\/ -->\n<title>2023\u2019s Extreme Weather Anomalies and What They Mean - Everest News<\/title>\n<meta name=\"robots\" content=\"index, follow, max-snippet:-1, max-image-preview:large, max-video-preview:-1\" \/>\n<link rel=\"canonical\" href=\"https:\/\/www.everest.com\/everestdigest\/2023s-extreme-weather-anomalies-and-what-they-mean\/\" \/>\n<meta property=\"og:locale\" content=\"en_US\" \/>\n<meta property=\"og:type\" content=\"article\" \/>\n<meta property=\"og:title\" content=\"2023\u2019s Extreme Weather Anomalies and What They Mean - Everest News\" \/>\n<meta property=\"og:description\" content=\"As I was researching the weather forecast for the Tetons, I was excited for what looked like a&hellip;\" \/>\n<meta property=\"og:url\" content=\"https:\/\/www.everest.com\/everestdigest\/2023s-extreme-weather-anomalies-and-what-they-mean\/\" \/>\n<meta property=\"og:site_name\" content=\"Everest News\" \/>\n<meta property=\"article:publisher\" content=\"https:\/\/www.facebook.com\/we.are.everest.outdoors\" \/>\n<meta property=\"article:published_time\" content=\"2023-09-14T14:34:52+00:00\" \/>\n<meta property=\"article:modified_time\" content=\"2025-10-08T11:37:02+00:00\" \/>\n<meta property=\"og:image\" content=\"https:\/\/www.everest.com\/everestdigest\/wp-content\/uploads\/2023\/09\/Teton-Range-Storm.webp\" \/>\n\t<meta property=\"og:image:width\" content=\"1024\" \/>\n\t<meta property=\"og:image:height\" content=\"683\" \/>\n\t<meta property=\"og:image:type\" content=\"image\/webp\" \/>\n<meta name=\"author\" content=\"Amelia Ryan\" \/>\n<meta name=\"twitter:card\" content=\"summary_large_image\" \/>\n<meta name=\"twitter:creator\" content=\"@_everest_com\" \/>\n<meta name=\"twitter:site\" content=\"@_everest_com\" \/>\n<meta name=\"twitter:label1\" content=\"Written by\" \/>\n\t<meta name=\"twitter:data1\" content=\"Amelia Ryan\" \/>\n\t<meta name=\"twitter:label2\" content=\"Est. reading time\" \/>\n\t<meta name=\"twitter:data2\" content=\"8 minutes\" \/>\n<script type=\"application\/ld+json\" class=\"yoast-schema-graph\">{\"@context\":\"https:\/\/schema.org\",\"@graph\":[{\"@type\":\"Article\",\"@id\":\"https:\/\/www.everest.com\/everestdigest\/2023s-extreme-weather-anomalies-and-what-they-mean\/#article\",\"isPartOf\":{\"@id\":\"https:\/\/www.everest.com\/everestdigest\/2023s-extreme-weather-anomalies-and-what-they-mean\/\"},\"author\":{\"name\":\"Amelia Ryan\",\"@id\":\"https:\/\/www.everest.com\/everestdigest\/#\/schema\/person\/1bc1f2b554bbf1baaa0bd92786803fc7\"},\"headline\":\"2023\u2019s Extreme Weather Anomalies and What They Mean\",\"datePublished\":\"2023-09-14T14:34:52+00:00\",\"dateModified\":\"2025-10-08T11:37:02+00:00\",\"mainEntityOfPage\":{\"@id\":\"https:\/\/www.everest.com\/everestdigest\/2023s-extreme-weather-anomalies-and-what-they-mean\/\"},\"wordCount\":1571,\"commentCount\":0,\"publisher\":{\"@id\":\"https:\/\/www.everest.com\/everestdigest\/#organization\"},\"keywords\":[\"2023 El Nino Year\",\"2023 Weather Events\",\"Weather in the Outdoors\"],\"articleSection\":[\"Adventure\",\"Environment\",\"fall weather\",\"National Park\"],\"inLanguage\":\"en-US\",\"potentialAction\":[{\"@type\":\"CommentAction\",\"name\":\"Comment\",\"target\":[\"https:\/\/www.everest.com\/everestdigest\/2023s-extreme-weather-anomalies-and-what-they-mean\/#respond\"]}]},{\"@type\":\"WebPage\",\"@id\":\"https:\/\/www.everest.com\/everestdigest\/2023s-extreme-weather-anomalies-and-what-they-mean\/\",\"url\":\"https:\/\/www.everest.com\/everestdigest\/2023s-extreme-weather-anomalies-and-what-they-mean\/\",\"name\":\"2023\u2019s Extreme Weather Anomalies and What They Mean - Everest News\",\"isPartOf\":{\"@id\":\"https:\/\/www.everest.com\/everestdigest\/#website\"},\"datePublished\":\"2023-09-14T14:34:52+00:00\",\"dateModified\":\"2025-10-08T11:37:02+00:00\",\"breadcrumb\":{\"@id\":\"https:\/\/www.everest.com\/everestdigest\/2023s-extreme-weather-anomalies-and-what-they-mean\/#breadcrumb\"},\"inLanguage\":\"en-US\",\"potentialAction\":[{\"@type\":\"ReadAction\",\"target\":[\"https:\/\/www.everest.com\/everestdigest\/2023s-extreme-weather-anomalies-and-what-they-mean\/\"]}]},{\"@type\":\"BreadcrumbList\",\"@id\":\"https:\/\/www.everest.com\/everestdigest\/2023s-extreme-weather-anomalies-and-what-they-mean\/#breadcrumb\",\"itemListElement\":[{\"@type\":\"ListItem\",\"position\":1,\"name\":\"Home\",\"item\":\"https:\/\/www.everest.com\/everestdigest\/\"},{\"@type\":\"ListItem\",\"position\":2,\"name\":\"Adventure\",\"item\":\"https:\/\/www.everest.com\/everestdigest\/category\/adventure\/\"},{\"@type\":\"ListItem\",\"position\":3,\"name\":\"2023\u2019s Extreme Weather Anomalies and What They Mean\"}]},{\"@type\":\"WebSite\",\"@id\":\"https:\/\/www.everest.com\/everestdigest\/#website\",\"url\":\"https:\/\/www.everest.com\/everestdigest\/\",\"name\":\"Everest News\",\"description\":\"Everest News\",\"publisher\":{\"@id\":\"https:\/\/www.everest.com\/everestdigest\/#organization\"},\"potentialAction\":[{\"@type\":\"SearchAction\",\"target\":{\"@type\":\"EntryPoint\",\"urlTemplate\":\"https:\/\/www.everest.com\/everestdigest\/?s={search_term_string}\"},\"query-input\":\"required name=search_term_string\"}],\"inLanguage\":\"en-US\"},{\"@type\":\"Organization\",\"@id\":\"https:\/\/www.everest.com\/everestdigest\/#organization\",\"name\":\"Everest News\",\"url\":\"https:\/\/www.everest.com\/everestdigest\/\",\"logo\":{\"@type\":\"ImageObject\",\"inLanguage\":\"en-US\",\"@id\":\"https:\/\/www.everest.com\/everestdigest\/#\/schema\/logo\/image\/\",\"url\":\"https:\/\/news.everest.com\/wp-content\/uploads\/2022\/11\/everest-news-lo.png\",\"contentUrl\":\"https:\/\/news.everest.com\/wp-content\/uploads\/2022\/11\/everest-news-lo.png\",\"width\":264,\"height\":63,\"caption\":\"Everest News\"},\"image\":{\"@id\":\"https:\/\/www.everest.com\/everestdigest\/#\/schema\/logo\/image\/\"},\"sameAs\":[\"https:\/\/www.facebook.com\/we.are.everest.outdoors\",\"https:\/\/twitter.com\/_everest_com\",\"https:\/\/www.instagram.com\/_everest_com\/\",\"https:\/\/www.pinterest.com\/everest_com\/\"]},{\"@type\":\"Person\",\"@id\":\"https:\/\/www.everest.com\/everestdigest\/#\/schema\/person\/1bc1f2b554bbf1baaa0bd92786803fc7\",\"name\":\"Amelia Ryan\",\"image\":{\"@type\":\"ImageObject\",\"inLanguage\":\"en-US\",\"@id\":\"https:\/\/www.everest.com\/everestdigest\/#\/schema\/person\/image\/\",\"url\":\"https:\/\/secure.gravatar.com\/avatar\/e876fd570e85839acd084aa06dfd2250?s=96&r=g\",\"contentUrl\":\"https:\/\/secure.gravatar.com\/avatar\/e876fd570e85839acd084aa06dfd2250?s=96&r=g\",\"caption\":\"Amelia Ryan\"},\"url\":\"https:\/\/www.everest.com\/everestdigest\/author\/amelia-ryan\/\"}]}<\/script>\n<!-- \/ Yoast SEO plugin. -->","yoast_head_json":{"title":"2023\u2019s Extreme Weather Anomalies and What They Mean - Everest News","robots":{"index":"index","follow":"follow","max-snippet":"max-snippet:-1","max-image-preview":"max-image-preview:large","max-video-preview":"max-video-preview:-1"},"canonical":"https:\/\/www.everest.com\/everestdigest\/2023s-extreme-weather-anomalies-and-what-they-mean\/","og_locale":"en_US","og_type":"article","og_title":"2023\u2019s Extreme Weather Anomalies and What They Mean - Everest News","og_description":"As I was researching the weather forecast for the Tetons, I was excited for what looked like a&hellip;","og_url":"https:\/\/www.everest.com\/everestdigest\/2023s-extreme-weather-anomalies-and-what-they-mean\/","og_site_name":"Everest News","article_publisher":"https:\/\/www.facebook.com\/we.are.everest.outdoors","article_published_time":"2023-09-14T14:34:52+00:00","article_modified_time":"2025-10-08T11:37:02+00:00","og_image":[{"width":1024,"height":683,"url":"https:\/\/www.everest.com\/everestdigest\/wp-content\/uploads\/2023\/09\/Teton-Range-Storm.webp","type":"image\/webp"}],"author":"Amelia Ryan","twitter_card":"summary_large_image","twitter_creator":"@_everest_com","twitter_site":"@_everest_com","twitter_misc":{"Written by":"Amelia Ryan","Est. reading time":"8 minutes"},"schema":{"@context":"https:\/\/schema.org","@graph":[{"@type":"Article","@id":"https:\/\/www.everest.com\/everestdigest\/2023s-extreme-weather-anomalies-and-what-they-mean\/#article","isPartOf":{"@id":"https:\/\/www.everest.com\/everestdigest\/2023s-extreme-weather-anomalies-and-what-they-mean\/"},"author":{"name":"Amelia Ryan","@id":"https:\/\/www.everest.com\/everestdigest\/#\/schema\/person\/1bc1f2b554bbf1baaa0bd92786803fc7"},"headline":"2023\u2019s Extreme Weather Anomalies and What They Mean","datePublished":"2023-09-14T14:34:52+00:00","dateModified":"2025-10-08T11:37:02+00:00","mainEntityOfPage":{"@id":"https:\/\/www.everest.com\/everestdigest\/2023s-extreme-weather-anomalies-and-what-they-mean\/"},"wordCount":1571,"commentCount":0,"publisher":{"@id":"https:\/\/www.everest.com\/everestdigest\/#organization"},"keywords":["2023 El Nino Year","2023 Weather Events","Weather in the Outdoors"],"articleSection":["Adventure","Environment","fall weather","National Park"],"inLanguage":"en-US","potentialAction":[{"@type":"CommentAction","name":"Comment","target":["https:\/\/www.everest.com\/everestdigest\/2023s-extreme-weather-anomalies-and-what-they-mean\/#respond"]}]},{"@type":"WebPage","@id":"https:\/\/www.everest.com\/everestdigest\/2023s-extreme-weather-anomalies-and-what-they-mean\/","url":"https:\/\/www.everest.com\/everestdigest\/2023s-extreme-weather-anomalies-and-what-they-mean\/","name":"2023\u2019s Extreme Weather Anomalies and What They Mean - Everest News","isPartOf":{"@id":"https:\/\/www.everest.com\/everestdigest\/#website"},"datePublished":"2023-09-14T14:34:52+00:00","dateModified":"2025-10-08T11:37:02+00:00","breadcrumb":{"@id":"https:\/\/www.everest.com\/everestdigest\/2023s-extreme-weather-anomalies-and-what-they-mean\/#breadcrumb"},"inLanguage":"en-US","potentialAction":[{"@type":"ReadAction","target":["https:\/\/www.everest.com\/everestdigest\/2023s-extreme-weather-anomalies-and-what-they-mean\/"]}]},{"@type":"BreadcrumbList","@id":"https:\/\/www.everest.com\/everestdigest\/2023s-extreme-weather-anomalies-and-what-they-mean\/#breadcrumb","itemListElement":[{"@type":"ListItem","position":1,"name":"Home","item":"https:\/\/www.everest.com\/everestdigest\/"},{"@type":"ListItem","position":2,"name":"Adventure","item":"https:\/\/www.everest.com\/everestdigest\/category\/adventure\/"},{"@type":"ListItem","position":3,"name":"2023\u2019s Extreme Weather Anomalies and What They Mean"}]},{"@type":"WebSite","@id":"https:\/\/www.everest.com\/everestdigest\/#website","url":"https:\/\/www.everest.com\/everestdigest\/","name":"Everest News","description":"Everest News","publisher":{"@id":"https:\/\/www.everest.com\/everestdigest\/#organization"},"potentialAction":[{"@type":"SearchAction","target":{"@type":"EntryPoint","urlTemplate":"https:\/\/www.everest.com\/everestdigest\/?s={search_term_string}"},"query-input":"required name=search_term_string"}],"inLanguage":"en-US"},{"@type":"Organization","@id":"https:\/\/www.everest.com\/everestdigest\/#organization","name":"Everest News","url":"https:\/\/www.everest.com\/everestdigest\/","logo":{"@type":"ImageObject","inLanguage":"en-US","@id":"https:\/\/www.everest.com\/everestdigest\/#\/schema\/logo\/image\/","url":"https:\/\/news.everest.com\/wp-content\/uploads\/2022\/11\/everest-news-lo.png","contentUrl":"https:\/\/news.everest.com\/wp-content\/uploads\/2022\/11\/everest-news-lo.png","width":264,"height":63,"caption":"Everest News"},"image":{"@id":"https:\/\/www.everest.com\/everestdigest\/#\/schema\/logo\/image\/"},"sameAs":["https:\/\/www.facebook.com\/we.are.everest.outdoors","https:\/\/twitter.com\/_everest_com","https:\/\/www.instagram.com\/_everest_com\/","https:\/\/www.pinterest.com\/everest_com\/"]},{"@type":"Person","@id":"https:\/\/www.everest.com\/everestdigest\/#\/schema\/person\/1bc1f2b554bbf1baaa0bd92786803fc7","name":"Amelia Ryan","image":{"@type":"ImageObject","inLanguage":"en-US","@id":"https:\/\/www.everest.com\/everestdigest\/#\/schema\/person\/image\/","url":"https:\/\/secure.gravatar.com\/avatar\/e876fd570e85839acd084aa06dfd2250?s=96&r=g","contentUrl":"https:\/\/secure.gravatar.com\/avatar\/e876fd570e85839acd084aa06dfd2250?s=96&r=g","caption":"Amelia Ryan"},"url":"https:\/\/www.everest.com\/everestdigest\/author\/amelia-ryan\/"}]}},"_links":{"self":[{"href":"https:\/\/www.everest.com\/everestdigest\/wp-json\/wp\/v2\/posts\/23516"}],"collection":[{"href":"https:\/\/www.everest.com\/everestdigest\/wp-json\/wp\/v2\/posts"}],"about":[{"href":"https:\/\/www.everest.com\/everestdigest\/wp-json\/wp\/v2\/types\/post"}],"author":[{"embeddable":true,"href":"https:\/\/www.everest.com\/everestdigest\/wp-json\/wp\/v2\/users\/3561"}],"replies":[{"embeddable":true,"href":"https:\/\/www.everest.com\/everestdigest\/wp-json\/wp\/v2\/comments?post=23516"}],"version-history":[{"count":3,"href":"https:\/\/www.everest.com\/everestdigest\/wp-json\/wp\/v2\/posts\/23516\/revisions"}],"predecessor-version":[{"id":30875,"href":"https:\/\/www.everest.com\/everestdigest\/wp-json\/wp\/v2\/posts\/23516\/revisions\/30875"}],"wp:featuredmedia":[{"embeddable":true,"href":"https:\/\/www.everest.com\/everestdigest\/wp-json\/wp\/v2\/media\/23512"}],"wp:attachment":[{"href":"https:\/\/www.everest.com\/everestdigest\/wp-json\/wp\/v2\/media?parent=23516"}],"wp:term":[{"taxonomy":"category","embeddable":true,"href":"https:\/\/www.everest.com\/everestdigest\/wp-json\/wp\/v2\/categories?post=23516"},{"taxonomy":"post_tag","embeddable":true,"href":"https:\/\/www.everest.com\/everestdigest\/wp-json\/wp\/v2\/tags?post=23516"}],"curies":[{"name":"wp","href":"https:\/\/api.w.org\/{rel}","templated":true}]}}